{"id":1819,"date":"2017-10-27T14:58:24","date_gmt":"2017-10-27T13:58:24","guid":{"rendered":"http:\/\/www.buyahomemallorca.se\/blogg\/?p=1019"},"modified":"2021-07-15T11:43:56","modified_gmt":"2021-07-15T09:43:56","slug":"kopte-lagenhet-mitt-i-palma-ett-stenkast-fran-stranden","status":"publish","type":"post","link":"https:\/\/www.buyahomemallorca.se\/blog\/kopte-lagenhet-mitt-i-palma-ett-stenkast-fran-stranden\/","title":{"rendered":"Mitt i Palma och ett stenkast fr\u00e5n stranden \u2013 det b\u00e4sta av tv\u00e5 v\u00e4rldar"},"content":{"rendered":"<p>Siktet var inst\u00e4llt p\u00e5 Santa Catalina eller Gamla Stan, men Ciara Faber hittade sin dr\u00f6ml\u00e4genhet d\u00e4r hon minst anade.<br><\/br>\n\u2013 Jag \u00e4r s\u00e5 glad att min m\u00e4klare \u00f6vertalade mig att komma och titta p\u00e5 denna. <!--more--><\/p>\n<p>Bara ett par gator fr\u00e5n det glittrande Medelhavet, men fortfarande mitt i city vid <a href=\"https:\/\/www.buyahomemallorca.se\/omradesguiden\/bo-i-palma-city-beach\">Palma City Beach<\/a>, har Ciara Faber precis k\u00f6pt sin f\u00f6rsta l\u00e4genhet. Den \u00e4r ljus och v\u00e4lkomnande, med ett stort k\u00f6k och en solig terrass.<br><\/br>\n\u2013 Jag \u00e4lskar den! Det k\u00e4nns redan som ett riktigt hem, s\u00e4ger Ciara.<\/p>\n<div id=\"attachment_1023\" class=\"wp-caption alignnone\"><div style=\"width: 2048px;\" data-width=\"2048\" class=\"ratio-wrap\"><div class=\"ratio-box\" style=\"padding-bottom: 66.650390625% !important;\"><img loading=\"lazy\" decoding=\"async\" class=\"wp-image-1023 size-full lazyload\" alt=\"Nyrenoverat k&#xF6;k med vitm&#xE5;lade luckor och tr&#xE4;golv \" width=\"2048\" height=\"1365\" data-src=\"https:\/\/www.buyahomemallorca.com\/blog\/wp-content\/uploads\/2017\/10\/ciara-palma-city-beach-27-1.jpg\" data-srcset=\"https:\/\/www.buyahomemallorca.se\/blog\/wp-content\/uploads\/2017\/10\/ciara-palma-city-beach-27-1.jpg 2048w, https:\/\/www.buyahomemallorca.se\/blog\/wp-content\/uploads\/2017\/10\/ciara-palma-city-beach-27-1-300x200.jpg 300w, https:\/\/www.buyahomemallorca.se\/blog\/wp-content\/uploads\/2017\/10\/ciara-palma-city-beach-27-1-1024x683.jpg 1024w, https:\/\/www.buyahomemallorca.se\/blog\/wp-content\/uploads\/2017\/10\/ciara-palma-city-beach-27-1-768x512.jpg 768w, https:\/\/www.buyahomemallorca.se\/blog\/wp-content\/uploads\/2017\/10\/ciara-palma-city-beach-27-1-1536x1024.jpg 1536w, https:\/\/www.buyahomemallorca.se\/blog\/wp-content\/uploads\/2017\/10\/ciara-palma-city-beach-27-1-870x580.jpg 870w, https:\/\/www.buyahomemallorca.se\/blog\/wp-content\/uploads\/2017\/10\/ciara-palma-city-beach-27-1-690x460.jpg 690w, https:\/\/www.buyahomemallorca.se\/blog\/wp-content\/uploads\/2017\/10\/ciara-palma-city-beach-27-1-670x447.jpg 670w, https:\/\/www.buyahomemallorca.se\/blog\/wp-content\/uploads\/2017\/10\/ciara-palma-city-beach-27-1-345x230.jpg 345w, https:\/\/www.buyahomemallorca.se\/blog\/wp-content\/uploads\/2017\/10\/ciara-palma-city-beach-27-1-100x66.jpg 100w\" data-sizes=\"auto, (max-width: 2048px) 100vw, 2048px\"><\/img><\/div><\/div><p class=\"wp-caption-text\">Ciara Faber har precis k\u00f6pt sin f\u00f6rsta l\u00e4genhet.<\/p><\/div>\n<p>Det \u00e4r fortfarande inte s\u00e4rskilt mycket m\u00f6bler i vardagsrummet, vilket l\u00e4mnar en stor, \u00f6ppen yta p\u00e5 golvet, men det har sitt syfte.<br><\/br>\n\u2013 Det \u00e4r en fris\u00f6rsalong p\u00e5 v\u00e5ningen under mig, s\u00e5 jag kan\u00a0\u00f6va koreografi h\u00e4r utan att beh\u00f6va oroa mig f\u00f6r att st\u00f6ra n\u00e5gon nedanf\u00f6r, s\u00e4ger Ciara med ett skratt.<\/p>\n<p>Men vardagsrummet \u00e4r \u00e4nnu inte riktigt f\u00e4rdigt, det finns fortfarande mycket\u00a0Ciara\u00a0planerar att g\u00f6ra, men det f\u00e5r v\u00e4nta lite. Om bara n\u00e5gra dagar \u00e5ker hon n\u00e4mligen p\u00e5 en sex veckor l\u00e5ng turn\u00e9 till Japan med sin dansgrupp \u201c<a href=\"https:\/\/www.facebook.com\/trinitylaceirishdance\/\">Trinity Lace<\/a>\u201c.<br><\/br>\n\u2013 Jag \u00e4r s\u00e5 f\u00f6rv\u00e4ntansfull. Detta \u00e4r v\u00e5rt f\u00f6rsta gig som grupp och vi ska \u00e5ka runt till olika skolor och upptr\u00e4da och ber\u00e4tta om irl\u00e4ndsk kultur. Den h\u00e4r typen av turn\u00e9 \u00e4r helt ny f\u00f6r mig, jag har aldrig gjort n\u00e5got liknande, s\u00e4ger hon.<\/p>\n<div id=\"attachment_1026\" class=\"wp-caption alignnone\"><div style=\"width: 2048px;\" data-width=\"2048\" class=\"ratio-wrap\"><div class=\"ratio-box\" style=\"padding-bottom: 66.650390625% !important;\"><img loading=\"lazy\" decoding=\"async\" class=\"wp-image-1026 size-full lazyload\" alt=\"L&#xE4;genheten har ett rymligt vardagsrum med mycket ljusinsl&#xE4;pp\" width=\"2048\" height=\"1365\" data-src=\"https:\/\/www.buyahomemallorca.com\/blog\/wp-content\/uploads\/2017\/10\/ciara-palma-city-beach-4-1.jpg\" data-srcset=\"https:\/\/www.buyahomemallorca.se\/blog\/wp-content\/uploads\/2017\/10\/ciara-palma-city-beach-4-1.jpg 2048w, https:\/\/www.buyahomemallorca.se\/blog\/wp-content\/uploads\/2017\/10\/ciara-palma-city-beach-4-1-300x200.jpg 300w, https:\/\/www.buyahomemallorca.se\/blog\/wp-content\/uploads\/2017\/10\/ciara-palma-city-beach-4-1-1024x683.jpg 1024w, https:\/\/www.buyahomemallorca.se\/blog\/wp-content\/uploads\/2017\/10\/ciara-palma-city-beach-4-1-768x512.jpg 768w, https:\/\/www.buyahomemallorca.se\/blog\/wp-content\/uploads\/2017\/10\/ciara-palma-city-beach-4-1-1536x1024.jpg 1536w, https:\/\/www.buyahomemallorca.se\/blog\/wp-content\/uploads\/2017\/10\/ciara-palma-city-beach-4-1-870x580.jpg 870w, https:\/\/www.buyahomemallorca.se\/blog\/wp-content\/uploads\/2017\/10\/ciara-palma-city-beach-4-1-690x460.jpg 690w, https:\/\/www.buyahomemallorca.se\/blog\/wp-content\/uploads\/2017\/10\/ciara-palma-city-beach-4-1-670x447.jpg 670w, https:\/\/www.buyahomemallorca.se\/blog\/wp-content\/uploads\/2017\/10\/ciara-palma-city-beach-4-1-345x230.jpg 345w, https:\/\/www.buyahomemallorca.se\/blog\/wp-content\/uploads\/2017\/10\/ciara-palma-city-beach-4-1-100x66.jpg 100w\" data-sizes=\"auto, (max-width: 2048px) 100vw, 2048px\"><\/img><\/div><\/div><p class=\"wp-caption-text\">Det \u00f6ppna vardagsrumsgolvet \u00e4r perfekt f\u00f6r dans.<\/p><\/div>\n<div id=\"attachment_1022\" class=\"wp-caption alignnone\"><div style=\"width: 2048px;\" data-width=\"2048\" class=\"ratio-wrap\"><div class=\"ratio-box\" style=\"padding-bottom: 66.650390625% !important;\"><img loading=\"lazy\" decoding=\"async\" class=\"wp-image-1022 size-full lazyload\" alt=\"Ciara Faber designar sina scenkl&#xE4;der sj&#xE4;lv. \" width=\"2048\" height=\"1365\" data-src=\"https:\/\/www.buyahomemallorca.com\/blog\/wp-content\/uploads\/2017\/10\/ciara-palma-city-beach-28-1.jpg\"><\/img><\/div><\/div><p class=\"wp-caption-text\">Ciara syr alla sina scenkl\u00e4der sj\u00e4lv.<\/p><\/div>\n<p>\u00c4ven om Ciara ser j\u00e4ttemycket fram emot att \u00e5ka p\u00e5 \u00e4nnu en turn\u00e9, \u00e4r det \u00e4nd\u00e5 n\u00e5got som k\u00e4nns annorlunda den h\u00e4r g\u00e5ngen.<br><\/br>\n\u2013 Det h\u00e4r \u00e4r faktiskt f\u00f6rsta g\u00e5ngen som jag verkligen ser fram emot att komma hem igen. Innan har det alltid k\u00e4nt som \u201c\u00c5h, Gud, turn\u00e9n \u00e4r \u00f6ver, vart ska jag nu bo?\u201d. Nu vet jag att jag har mitt eget att komma hem till.<\/p>\n<p>Mellan sina dansturn\u00e9er har hon arbetat p\u00e5 en yacht och med den rest \u00f6ver v\u00e4rlden, bott i en resv\u00e4ska, p\u00e5 b\u00e5ten eller n\u00e5got rum hon hyrt tillf\u00e4lligt. Nu kan hon \u00e4ntligen packa upp.<br><\/br>\n\u2013 Bara att ha en garderob k\u00e4nns fantastiskt, s\u00e4ger hon. Och ett eget k\u00f6k!<\/p>\n<div id=\"attachment_1027\" class=\"wp-caption alignnone\"><div style=\"width: 2048px;\" data-width=\"2048\" class=\"ratio-wrap\"><div class=\"ratio-box\" style=\"padding-bottom: 66.650390625% !important;\"><img loading=\"lazy\" decoding=\"async\" class=\"wp-image-1027 size-full lazyload\" alt=\"Sovrummet &#xE4;r inrett personligt med moderna m&#xF6;bler\" width=\"2048\" height=\"1365\" data-src=\"https:\/\/www.buyahomemallorca.com\/blog\/wp-content\/uploads\/2017\/10\/ciara-palma-city-beach-2-1.jpg\" data-srcset=\"https:\/\/www.buyahomemallorca.se\/blog\/wp-content\/uploads\/2017\/10\/ciara-palma-city-beach-2-1.jpg 2048w, https:\/\/www.buyahomemallorca.se\/blog\/wp-content\/uploads\/2017\/10\/ciara-palma-city-beach-2-1-300x200.jpg 300w, https:\/\/www.buyahomemallorca.se\/blog\/wp-content\/uploads\/2017\/10\/ciara-palma-city-beach-2-1-1024x683.jpg 1024w, https:\/\/www.buyahomemallorca.se\/blog\/wp-content\/uploads\/2017\/10\/ciara-palma-city-beach-2-1-768x512.jpg 768w, https:\/\/www.buyahomemallorca.se\/blog\/wp-content\/uploads\/2017\/10\/ciara-palma-city-beach-2-1-1536x1024.jpg 1536w, https:\/\/www.buyahomemallorca.se\/blog\/wp-content\/uploads\/2017\/10\/ciara-palma-city-beach-2-1-870x580.jpg 870w, https:\/\/www.buyahomemallorca.se\/blog\/wp-content\/uploads\/2017\/10\/ciara-palma-city-beach-2-1-690x460.jpg 690w, https:\/\/www.buyahomemallorca.se\/blog\/wp-content\/uploads\/2017\/10\/ciara-palma-city-beach-2-1-670x447.jpg 670w, https:\/\/www.buyahomemallorca.se\/blog\/wp-content\/uploads\/2017\/10\/ciara-palma-city-beach-2-1-345x230.jpg 345w, https:\/\/www.buyahomemallorca.se\/blog\/wp-content\/uploads\/2017\/10\/ciara-palma-city-beach-2-1-100x66.jpg 100w\" data-sizes=\"auto, (max-width: 2048px) 100vw, 2048px\"><\/img><\/div><\/div><p class=\"wp-caption-text\">\u201cJag har verkligen en grej f\u00f6r flamingos!\u201d<\/p><\/div>\n<div id=\"attachment_1033\" class=\"wp-caption alignnone\"><div style=\"width: 2048px;\" data-width=\"2048\" class=\"ratio-wrap\"><div class=\"ratio-box\" style=\"padding-bottom: 66.650390625% !important;\"><img loading=\"lazy\" decoding=\"async\" class=\"wp-image-1033 size-full lazyload\" alt=\"Det stora k&#xF6;ket har gott om plats f&#xF6;r trevliga middagar\" width=\"2048\" height=\"1365\" data-src=\"https:\/\/www.buyahomemallorca.com\/blog\/wp-content\/uploads\/2017\/10\/ciara-palma-city-beach-18-1.jpg\"><\/img><\/div><\/div><p class=\"wp-caption-text\">K\u00f6ket \u00e4r \u00f6ppet och ljust\u00a0och ligger i direkt anslutning till terrassen.<\/p><\/div>\n<div id=\"attachment_1024\" class=\"wp-caption alignnone\"><div style=\"width: 2048px;\" data-width=\"2048\" class=\"ratio-wrap\"><div class=\"ratio-box\" style=\"padding-bottom: 66.650390625% !important;\"><img loading=\"lazy\" decoding=\"async\" class=\"wp-image-1024 size-full lazyload\" alt=\"Det charmiga k&#xF6;ket pr&#xE4;glas av fina inredningsdetaljer\" width=\"2048\" height=\"1365\" data-src=\"https:\/\/www.buyahomemallorca.com\/blog\/wp-content\/uploads\/2017\/10\/ciara-palma-city-beach-22-1.jpg\" data-srcset=\"https:\/\/www.buyahomemallorca.se\/blog\/wp-content\/uploads\/2017\/10\/ciara-palma-city-beach-22-1.jpg 2048w, https:\/\/www.buyahomemallorca.se\/blog\/wp-content\/uploads\/2017\/10\/ciara-palma-city-beach-22-1-300x200.jpg 300w, https:\/\/www.buyahomemallorca.se\/blog\/wp-content\/uploads\/2017\/10\/ciara-palma-city-beach-22-1-1024x683.jpg 1024w, https:\/\/www.buyahomemallorca.se\/blog\/wp-content\/uploads\/2017\/10\/ciara-palma-city-beach-22-1-768x512.jpg 768w, https:\/\/www.buyahomemallorca.se\/blog\/wp-content\/uploads\/2017\/10\/ciara-palma-city-beach-22-1-1536x1024.jpg 1536w, https:\/\/www.buyahomemallorca.se\/blog\/wp-content\/uploads\/2017\/10\/ciara-palma-city-beach-22-1-870x580.jpg 870w, https:\/\/www.buyahomemallorca.se\/blog\/wp-content\/uploads\/2017\/10\/ciara-palma-city-beach-22-1-690x460.jpg 690w, https:\/\/www.buyahomemallorca.se\/blog\/wp-content\/uploads\/2017\/10\/ciara-palma-city-beach-22-1-670x447.jpg 670w, https:\/\/www.buyahomemallorca.se\/blog\/wp-content\/uploads\/2017\/10\/ciara-palma-city-beach-22-1-345x230.jpg 345w, https:\/\/www.buyahomemallorca.se\/blog\/wp-content\/uploads\/2017\/10\/ciara-palma-city-beach-22-1-100x66.jpg 100w\" data-sizes=\"auto, (max-width: 2048px) 100vw, 2048px\"><\/img><\/div><\/div><p class=\"wp-caption-text\">Ciara l\u00e4ngtade efter ett eget k\u00f6k.<\/p><\/div>\n<p>L\u00e4genheten \u00e4r 90 kvadratmeter med tv\u00e5 sovrum och tv\u00e5 badrum, och en 15 kvadratmeter stor terrass.<br><\/br>\n\u2013 Fr\u00e5n b\u00f6rjan var jag inne p\u00e5 att k\u00f6pa n\u00e5got i <a href=\"https:\/\/www.buyahomemallorca.se\/omradesguiden\/bo-i-centrala-gamla-stan\">Gamla stan<\/a> eller <a href=\"https:\/\/www.buyahomemallorca.se\/omradesguiden\/bo-i-santa-catalina\">Santa Catalina<\/a>, men det \u00e4r otroligt hur mycket mer jag fick f\u00f6r pengarna h\u00e4r.<\/p>\n<p>Eftersom hon var s\u00e5 inst\u00e4lld p\u00e5 att k\u00f6pa en l\u00e4genhet mer centralt i Palma, var hon f\u00f6rst tveksam n\u00e4r m\u00e4klaren ville visa henne en l\u00e4genhet i detta omr\u00e5det.<br><\/br>\n\u2013 Bara f\u00f6r fem \u00e5r sedan var det h\u00e4r omr\u00e5det v\u00e4ldigt annorlunda fr\u00e5n hur det \u00e4r nu. Jag kunde inte f\u00f6rst\u00e4lla mig att bo h\u00e4r, men jag blev verkligen \u00f6verraskad n\u00e4r jag kom hit. S\u00e5 mycket har h\u00e4nt p\u00e5 bara ett par \u00e5r, s\u00e4ger hon.<\/p>\n<p>Det var en positiv \u00f6verraskning, b\u00e5de vad g\u00e4llde l\u00e4genheten och omr\u00e5det. Ciara k\u00e4nde direkt att detta var en plats hon k\u00e4nde sig hemma p\u00e5, s\u00e5 hon f\u00f6ljde magk\u00e4nslan och lade ett bud. Och hon har inte \u00e5ngrat sig en enda g\u00e5ng.<br><\/br>\n\u2013 Jag \u00e4lskar att bo h\u00e4r! Det \u00e4r verkligen ett fantastiskt omr\u00e5de. Man har n\u00e4ra till allt. Du har g\u00e5ngavst\u00e5nd till <a href=\"https:\/\/www.buyahomemallorca.se\/omradesguiden\/bo-i-centrala-gamla-stan\">Gamla stan<\/a>, till stranden, till <a href=\"https:\/\/www.buyahomemallorca.se\/omradesguiden\/bo-i-portixol\">Portixol<\/a>\u2026 Om jag skulle ha lagt samma pengar p\u00e5 en l\u00e4genhet i <a href=\"https:\/\/www.buyahomemallorca.se\/omradesguiden\/bo-i-santa-catalina\">Santa Catalina<\/a>, hade jag inte f\u00e5tt i n\u00e4rheten av lika mycket som det jag fick h\u00e4r.<br><\/br>\n\u2013 Och jag som \u00e4r fr\u00e5n Nya Zeeland, d\u00e4r allting ens i n\u00e4rheten av vattnet \u00e4r\u00a0otrolig dyrt, kan inte fatta att jag bara bor ett par minuter fr\u00e5n stranden.<\/p>\n<div id=\"attachment_1031\" class=\"wp-caption alignnone\"><div style=\"width: 2048px;\" data-width=\"2048\" class=\"ratio-wrap\"><div class=\"ratio-box\" style=\"padding-bottom: 66.650390625% !important;\"><img loading=\"lazy\" decoding=\"async\" class=\"wp-image-1031 size-full lazyload\" alt=\"L&#xE4;genheten har g&#xE5;ngavst&#xE5;nd till strandpromenaden i Palma City Beach\" width=\"2048\" height=\"1365\" data-src=\"https:\/\/www.buyahomemallorca.com\/blog\/wp-content\/uploads\/2017\/10\/palma-city-beach-20-1.jpg\"><\/img><\/div><\/div><p class=\"wp-caption-text\">Havet \u00e4r bara ett par minuters promenad fr\u00e5n l\u00e4genheten.<\/p><\/div>\n<div id=\"attachment_1029\" class=\"wp-caption alignnone\"><div style=\"width: 2048px;\" data-width=\"2048\" class=\"ratio-wrap\"><div class=\"ratio-box\" style=\"padding-bottom: 66.650390625% !important;\"><img loading=\"lazy\" decoding=\"async\" class=\"wp-image-1029 size-full lazyload\" alt=\"N&#xE4;rheten till havet, stranden och beach clubs &#xE4;r n&#xE5;gra f&#xF6;rdelar med att bo i Palma City Beach. \" width=\"2048\" height=\"1365\" data-src=\"https:\/\/www.buyahomemallorca.com\/blog\/wp-content\/uploads\/2017\/10\/palma-city-beach-22-1.jpg\" data-srcset=\"https:\/\/www.buyahomemallorca.se\/blog\/wp-content\/uploads\/2017\/10\/palma-city-beach-22-1.jpg 2048w, https:\/\/www.buyahomemallorca.se\/blog\/wp-content\/uploads\/2017\/10\/palma-city-beach-22-1-300x200.jpg 300w, https:\/\/www.buyahomemallorca.se\/blog\/wp-content\/uploads\/2017\/10\/palma-city-beach-22-1-1024x683.jpg 1024w, https:\/\/www.buyahomemallorca.se\/blog\/wp-content\/uploads\/2017\/10\/palma-city-beach-22-1-768x512.jpg 768w, https:\/\/www.buyahomemallorca.se\/blog\/wp-content\/uploads\/2017\/10\/palma-city-beach-22-1-1536x1024.jpg 1536w, https:\/\/www.buyahomemallorca.se\/blog\/wp-content\/uploads\/2017\/10\/palma-city-beach-22-1-870x580.jpg 870w, https:\/\/www.buyahomemallorca.se\/blog\/wp-content\/uploads\/2017\/10\/palma-city-beach-22-1-690x460.jpg 690w, https:\/\/www.buyahomemallorca.se\/blog\/wp-content\/uploads\/2017\/10\/palma-city-beach-22-1-670x447.jpg 670w, https:\/\/www.buyahomemallorca.se\/blog\/wp-content\/uploads\/2017\/10\/palma-city-beach-22-1-345x230.jpg 345w, https:\/\/www.buyahomemallorca.se\/blog\/wp-content\/uploads\/2017\/10\/palma-city-beach-22-1-100x66.jpg 100w\" data-sizes=\"auto, (max-width: 2048px) 100vw, 2048px\"><\/img><\/div><\/div><p class=\"wp-caption-text\">L\u00e4ngs med strandpromenaden ligger det sm\u00e5 restauranger, beach clubs och uteserveringar.<\/p><\/div>\n<p>Ciara l\u00e4mnade Nya Zeeland f\u00f6r Irland n\u00e4r hon best\u00e4mde sig f\u00f6r att studera irl\u00e4ndsk dans. Efter att ha avslutat sina studier efter tre \u00e5r, fick hon jobb som dansare p\u00e5 ett hotell p\u00e5 Menorca. Under ett par \u00e5r jobbade hon inom hotellunderh\u00e5llning p\u00e5 Balearerna innan hon till sist hamnade p\u00e5 Mallorca 2012. Vid den tidpunkten arbetade hon och bodde i Can Picafort, men ett bes\u00f6k i Palma skulle \u00e4ndra kursen p\u00e5 hennes dr\u00f6mmar.<br><\/br>\n\u2013 N\u00e4r jag kom till Palma f\u00f6rsta g\u00e5ngen, blev jag helt tagen av hur vackert det var. Jag bara promenerade omkring i Gamla stan och tittade p\u00e5 de vackra, gamla husen med sina klassiska f\u00f6nsterluckor och rustika stenv\u00e4ggar. D\u00e4r och d\u00e5 v\u00e4cktes en dr\u00f6m om att jag en dag skulle bo h\u00e4r.<\/p>\n<p>Hon kom ett steg n\u00e4rmare den dr\u00f6mmen n\u00e4r hon strax d\u00e4refter fick jobb p\u00e5 en av \u00f6ns ber\u00f6mda dans- och showrestauranger, Son Amar.<br><\/br>\n\u2013 Jag \u00e4lskade verkligen att dansa p\u00e5 heltid, dansen \u00e4r min stora passion, men det \u00e4r sv\u00e5rt att leva av och det \u00e4r tufft f\u00f6r kroppen. Och blir du sjuk eller skadad \u2013 d\u00e5 \u00e4r det k\u00f6rt, s\u00e4ger Ciara.<br><\/br>\nS\u00e5 efter tv\u00e5 \u00e5rs dansande p\u00e5 Son Amar, best\u00e4mde hon sig f\u00f6r att byta bana och b\u00f6rjade jobba som v\u00e4rdinna p\u00e5 en yacht med Palma som hemmahamn. P\u00e5 s\u00e5 s\u00e4tt kunde hon f\u00e5 mer tid till resor och turn\u00e9er samtidigt som hon kunde b\u00f6rja spara pengar f\u00f6r att k\u00f6pa en l\u00e4genhet.<\/p>\n<p>Hon b\u00f6rjade\u00a0g\u00e5 p\u00e5 visningar\u00a0f\u00f6rra \u00e5ret, men det skulle dr\u00f6ja till juni i \u00e5r innan hon kom till r\u00e4tt st\u00e4lle.<br><\/br>\n\u2013 Jag hade ingen br\u00e5dska, utan ville ta god tid p\u00e5 mig att hitta n\u00e5got som k\u00e4ndes perfekt. Jag \u00e4r faktiskt sj\u00e4lv v\u00e4ldigt \u00f6verraskad att jag hamnade just h\u00e4r, men jag \u00e4r s\u00e5 glad att min m\u00e4klare \u00f6vertalade mig att komma och titta p\u00e5 denna, s\u00e4ger hon.<\/p>\n<div id=\"attachment_1025\" class=\"wp-caption alignnone\"><div style=\"width: 2048px;\" data-width=\"2048\" class=\"ratio-wrap\"><div class=\"ratio-box\" style=\"padding-bottom: 66.650390625% !important;\"><img loading=\"lazy\" decoding=\"async\" class=\"wp-image-1025 size-full lazyload\" alt=\"L&#xE4;genheten har genomg&#xE5;ende ljusinsl&#xE4;pp och solen lyser i n&#xE4;stan alla rum\" width=\"2048\" height=\"1365\" data-src=\"https:\/\/www.buyahomemallorca.com\/blog\/wp-content\/uploads\/2017\/10\/ciara-palma-city-beach-19-1.jpg\" data-srcset=\"https:\/\/www.buyahomemallorca.se\/blog\/wp-content\/uploads\/2017\/10\/ciara-palma-city-beach-19-1.jpg 2048w, https:\/\/www.buyahomemallorca.se\/blog\/wp-content\/uploads\/2017\/10\/ciara-palma-city-beach-19-1-300x200.jpg 300w, https:\/\/www.buyahomemallorca.se\/blog\/wp-content\/uploads\/2017\/10\/ciara-palma-city-beach-19-1-1024x683.jpg 1024w, https:\/\/www.buyahomemallorca.se\/blog\/wp-content\/uploads\/2017\/10\/ciara-palma-city-beach-19-1-768x512.jpg 768w, https:\/\/www.buyahomemallorca.se\/blog\/wp-content\/uploads\/2017\/10\/ciara-palma-city-beach-19-1-1536x1024.jpg 1536w, https:\/\/www.buyahomemallorca.se\/blog\/wp-content\/uploads\/2017\/10\/ciara-palma-city-beach-19-1-870x580.jpg 870w, https:\/\/www.buyahomemallorca.se\/blog\/wp-content\/uploads\/2017\/10\/ciara-palma-city-beach-19-1-690x460.jpg 690w, https:\/\/www.buyahomemallorca.se\/blog\/wp-content\/uploads\/2017\/10\/ciara-palma-city-beach-19-1-670x447.jpg 670w, https:\/\/www.buyahomemallorca.se\/blog\/wp-content\/uploads\/2017\/10\/ciara-palma-city-beach-19-1-345x230.jpg 345w, https:\/\/www.buyahomemallorca.se\/blog\/wp-content\/uploads\/2017\/10\/ciara-palma-city-beach-19-1-100x66.jpg 100w\" data-sizes=\"auto, (max-width: 2048px) 100vw, 2048px\"><\/img><\/div><\/div><p class=\"wp-caption-text\">Dagsljuset hittar in i l\u00e4genheten fr\u00e5n n\u00e4stan varje rum, till och med badrummet.<\/p><\/div>\n<div id=\"attachment_1021\" class=\"wp-caption alignnone\"><div style=\"width: 2048px;\" data-width=\"2048\" class=\"ratio-wrap\"><div class=\"ratio-box\" style=\"padding-bottom: 66.650390625% !important;\"><img loading=\"lazy\" decoding=\"async\" class=\"wp-image-1021 size-full lazyload\" alt=\"Det var den svenska m&#xE4;klaren som &#xF6;vertalade Ciara om att &#xF6;verv&#xE4;ga att bo i Palma City Beach.\" width=\"2048\" height=\"1365\" data-src=\"https:\/\/www.buyahomemallorca.com\/blog\/wp-content\/uploads\/2017\/10\/ciara-palma-city-beach-31-1.jpg\"><\/img><\/div><\/div><p class=\"wp-caption-text\">Den stora terrassen \u00e4r n\u00e4stan som ett extra vardagsrum, inrett med bord, stolar, v\u00e4xter och en liten soffh\u00f6rna.<\/p><\/div>\n<p>Inte nog med att Ciara trivs v\u00e4ldigt bra i sin l\u00e4genhet, hon k\u00e4nner dessutom att hon har gjort en bra investering. Omr\u00e5det kring Foners, Pere Garau och <a href=\"https:\/\/www.buyahomemallorca.se\/omradesguiden\/bo-i-palma-city-beach\">Palma City Beach<\/a> sp\u00e5s bli bland de hetaste i Palma inom bara ett par \u00e5r.<br><\/br>\n\u2013 Man kan redan se hur det poppar upp fler och fler restauranger och caf\u00e9er h\u00e4r, s\u00e4ger Ciara.<\/p>\n<p>Det r\u00e5der ingen tvekan om att Ciara har hittat r\u00e4tt st\u00e4lle att bo p\u00e5 i Palma, men trots det tror hon inte att hon kommer stanna p\u00e5 \u00f6n f\u00f6r alltid.<br><\/br>\n\u2013 En dag kommer jag f\u00f6rmodligen att flytta tillbaka till Nya Zeeland. Det \u00e4r ganska jobbigt att bo s\u00e5 l\u00e5ngt ifr\u00e5n sin familj. Men jag tror att jag alltid kommer att ha ett hem h\u00e4r. Kanske kan jag tillbringa ett par m\u00e5nader om \u00e5ret p\u00e5 Mallorca. Det skulle vara det perfekta livet.<\/p>\n<div id=\"attachment_1030\" class=\"wp-caption alignnone\"><div style=\"width: 2048px;\" data-width=\"2048\" class=\"ratio-wrap\"><div class=\"ratio-box\" style=\"padding-bottom: 66.650390625% !important;\"><img loading=\"lazy\" decoding=\"async\" class=\"wp-image-1030 size-full lazyload\" alt=\"I Palma city beach bor man &#xE4;ven n&#xE4;ra caf&#xE9;er och restauranger.\" width=\"2048\" height=\"1365\" data-src=\"https:\/\/www.buyahomemallorca.com\/blog\/wp-content\/uploads\/2017\/10\/palma-city-beach-3-1.jpg\" data-srcset=\"https:\/\/www.buyahomemallorca.se\/blog\/wp-content\/uploads\/2017\/10\/palma-city-beach-3-1.jpg 2048w, https:\/\/www.buyahomemallorca.se\/blog\/wp-content\/uploads\/2017\/10\/palma-city-beach-3-1-300x200.jpg 300w, https:\/\/www.buyahomemallorca.se\/blog\/wp-content\/uploads\/2017\/10\/palma-city-beach-3-1-1024x683.jpg 1024w, https:\/\/www.buyahomemallorca.se\/blog\/wp-content\/uploads\/2017\/10\/palma-city-beach-3-1-768x512.jpg 768w, https:\/\/www.buyahomemallorca.se\/blog\/wp-content\/uploads\/2017\/10\/palma-city-beach-3-1-1536x1024.jpg 1536w, https:\/\/www.buyahomemallorca.se\/blog\/wp-content\/uploads\/2017\/10\/palma-city-beach-3-1-870x580.jpg 870w, https:\/\/www.buyahomemallorca.se\/blog\/wp-content\/uploads\/2017\/10\/palma-city-beach-3-1-690x460.jpg 690w, https:\/\/www.buyahomemallorca.se\/blog\/wp-content\/uploads\/2017\/10\/palma-city-beach-3-1-670x447.jpg 670w, https:\/\/www.buyahomemallorca.se\/blog\/wp-content\/uploads\/2017\/10\/palma-city-beach-3-1-345x230.jpg 345w, https:\/\/www.buyahomemallorca.se\/blog\/wp-content\/uploads\/2017\/10\/palma-city-beach-3-1-100x66.jpg 100w\" data-sizes=\"auto, (max-width: 2048px) 100vw, 2048px\"><\/img><\/div><\/div><p class=\"wp-caption-text\">Bara n\u00e5gra d\u00f6rrar bort p\u00e5 samma gata, ligger Ciaras favoritcaf\u00e9. \u201cDe har den godaste caf\u00e9 latte med mandelmj\u00f6lk!\u201d<\/p><\/div>\n<div id=\"attachment_1028\" class=\"wp-caption alignnone\"><div style=\"width: 2048px;\" data-width=\"2048\" class=\"ratio-wrap\"><div class=\"ratio-box\" style=\"padding-bottom: 66.650390625% !important;\"><img loading=\"lazy\" decoding=\"async\" class=\"wp-image-1028 size-full lazyload\" alt=\"Palma city beach &#xE4;r verkligen n&#xE4;ra till allt!\" width=\"2048\" height=\"1365\" data-src=\"https:\/\/www.buyahomemallorca.com\/blog\/wp-content\/uploads\/2017\/10\/palma-city-beach-28-1.jpg\" data-srcset=\"https:\/\/www.buyahomemallorca.se\/blog\/wp-content\/uploads\/2017\/10\/palma-city-beach-28-1.jpg 2048w, https:\/\/www.buyahomemallorca.se\/blog\/wp-content\/uploads\/2017\/10\/palma-city-beach-28-1-300x200.jpg 300w, https:\/\/www.buyahomemallorca.se\/blog\/wp-content\/uploads\/2017\/10\/palma-city-beach-28-1-1024x683.jpg 1024w, https:\/\/www.buyahomemallorca.se\/blog\/wp-content\/uploads\/2017\/10\/palma-city-beach-28-1-768x512.jpg 768w, https:\/\/www.buyahomemallorca.se\/blog\/wp-content\/uploads\/2017\/10\/palma-city-beach-28-1-1536x1024.jpg 1536w, https:\/\/www.buyahomemallorca.se\/blog\/wp-content\/uploads\/2017\/10\/palma-city-beach-28-1-870x580.jpg 870w, https:\/\/www.buyahomemallorca.se\/blog\/wp-content\/uploads\/2017\/10\/palma-city-beach-28-1-690x460.jpg 690w, https:\/\/www.buyahomemallorca.se\/blog\/wp-content\/uploads\/2017\/10\/palma-city-beach-28-1-670x447.jpg 670w, https:\/\/www.buyahomemallorca.se\/blog\/wp-content\/uploads\/2017\/10\/palma-city-beach-28-1-345x230.jpg 345w, https:\/\/www.buyahomemallorca.se\/blog\/wp-content\/uploads\/2017\/10\/palma-city-beach-28-1-100x66.jpg 100w\" data-sizes=\"auto, (max-width: 2048px) 100vw, 2048px\"><\/img><\/div><\/div><p class=\"wp-caption-text\">Dr\u00f6mmen \u00e4r att alltid ha ett hem i Palma.<\/p><\/div>\n<p>Text: Maria Str\u00f6mqvist<br><\/br>\nFoto: Ida Carlsson<\/p>","protected":false},"excerpt":{"rendered":"<p>Siktet var inst\u00e4llt p\u00e5 Santa Catalina eller Gamla Stan, men Ciara Faber hittade sin dr\u00f6ml\u00e4genhet d\u00e4r hon minst anade.<br \/>\n\u2013 Jag \u00e4r s\u00e5 glad att min m\u00e4klare \u00f6vertalade mig att komma och titta p\u00e5 denna. <\/p>\n","protected":false},"author":1,"featured_media":1762,"comment_status":"open","ping_status":"open","sticky":false,"template":"","format":"standard","meta":{"footnotes":""},"categories":[419,249],"tags":[183,195,199,95,103],"class_list":["post-1819","post","type-post","status-publish","format-standard","has-post-thumbnail","hentry","category-bo-med-stadspuls","category-palma","tag-fastighetsmaklare","tag-kopa-lagenhet","tag-maklare","tag-mallorca","tag-palma"],"lang":"sv","translations":{"sv":1819,"en":1062,"de":1917},"pll_sync_post":[],"_links":{"self":[{"href":"https:\/\/www.buyahomemallorca.se\/blog\/wp-json\/wp\/v2\/posts\/1819","targetHints":{"allow":["GET"]}}],"collection":[{"href":"https:\/\/www.buyahomemallorca.se\/blog\/wp-json\/wp\/v2\/posts"}],"about":[{"href":"https:\/\/www.buyahomemallorca.se\/blog\/wp-json\/wp\/v2\/types\/post"}],"author":[{"embeddable":true,"href":"https:\/\/www.buyahomemallorca.se\/blog\/wp-json\/wp\/v2\/users\/1"}],"replies":[{"embeddable":true,"href":"https:\/\/www.buyahomemallorca.se\/blog\/wp-json\/wp\/v2\/comments?post=1819"}],"version-history":[{"count":3,"href":"https:\/\/www.buyahomemallorca.se\/blog\/wp-json\/wp\/v2\/posts\/1819\/revisions"}],"predecessor-version":[{"id":2127,"href":"https:\/\/www.buyahomemallorca.se\/blog\/wp-json\/wp\/v2\/posts\/1819\/revisions\/2127"}],"wp:featuredmedia":[{"embeddable":true,"href":"https:\/\/www.buyahomemallorca.se\/blog\/wp-json\/wp\/v2\/media\/1762"}],"wp:attachment":[{"href":"https:\/\/www.buyahomemallorca.se\/blog\/wp-json\/wp\/v2\/media?parent=1819"}],"wp:term":[{"taxonomy":"category","embeddable":true,"href":"https:\/\/www.buyahomemallorca.se\/blog\/wp-json\/wp\/v2\/categories?post=1819"},{"taxonomy":"post_tag","embeddable":true,"href":"https:\/\/www.buyahomemallorca.se\/blog\/wp-json\/wp\/v2\/tags?post=1819"}],"curies":[{"name":"wp","href":"https:\/\/api.w.org\/{rel}","templated":true}]}}